{"id":38498,"date":"2025-01-30T18:10:56","date_gmt":"2025-01-30T17:10:56","guid":{"rendered":"https:\/\/new.antersystem.com\/tuv-rheinland-certification-what-does-it-mean-for-the-quality-of-safety-barriers\/"},"modified":"2026-08-27T14:02:10","modified_gmt":"2026-08-27T12:02:10","slug":"tuv-rheinland-tanusitas-mit-jelent-ez-a-biztonsagi-korlatok-minosegenek-szempontjabol","status":"publish","type":"post","link":"https:\/\/antersystem.com\/hu\/tuv-rheinland-tanusitas-mit-jelent-ez-a-biztonsagi-korlatok-minosegenek-szempontjabol\/","title":{"rendered":"T\u00dcV Rheinland tan\u00fas\u00edt\u00e1s: Mit jelent ez a biztons\u00e1gi korl\u00e1tok min\u0151s\u00e9ge szempontj\u00e1b\u00f3l?"},"content":{"rendered":"<p><strong>A rakt\u00e1rakban \u00e9s termel\u00e9si l\u00e9tes\u00edtm\u00e9nyekben haszn\u00e1lt biztons\u00e1gi korl\u00e1tok nemcsak az infrastrukt\u00fara elemei, hanem mindenekel\u0151tt az emberek \u00e9s a vagyon v\u00e9delm\u00e9t szolg\u00e1l\u00f3 eszk\u00f6z\u00f6k.<\/strong> De hogyan lehet biztos abban, hogy megfelelnek a legmagasabb min\u0151s\u00e9gi \u00e9s biztons\u00e1gi el\u0151\u00edr\u00e1soknak? A v\u00e1lasz a <strong>tan\u00fas\u00edt\u00e1s,<\/strong> amely a megb\u00edzhat\u00f3s\u00e1g szimb\u00f3lum\u00e1v\u00e1 v\u00e1lt a biztons\u00e1gi \u00e1gazatban. Tudjon meg t\u00f6bbet r\u00f3la az al\u00e1bbiakban!   <\/p>\n<h2>T\u00dcV tan\u00fas\u00edtv\u00e1ny &#8211; mi az \u00e9s mi\u00e9rt fontos?<\/h2>\n<p>A T\u00dcV-tan\u00fas\u00edtv\u00e1ny fogalm\u00e1nak meg\u00e9rt\u00e9se kulcsszerepet j\u00e1tszik az olyan biztons\u00e1gi megold\u00e1sokba, mint p\u00e9ld\u00e1ul a v\u00e9d\u0151falakba t\u00f6rt\u00e9n\u0151 beruh\u00e1z\u00e1skor.<\/p>\n<p><strong>A T\u00dcV Rheinland egy t\u00f6bb mint 150 \u00e9ves m\u00faltra visszatekint\u0151 glob\u00e1lis szervezet, amely \u00e9vtizedek \u00f3ta ir\u00e1nyt mutat a m\u0171szaki tan\u00fas\u00edt\u00e1s ter\u00fclet\u00e9n.<\/strong> Ez\u00e9rt <strong>a T\u00dcV-tan\u00fas\u00edtv\u00e1nyokat vil\u00e1gszerte elismerik, \u00e9s meger\u0151s\u00edtik, hogy az adott term\u00e9k szigor\u00fa vizsg\u00e1latokon esett \u00e1t, \u00e9s megfelel a legmagasabb biztons\u00e1gi el\u0151\u00edr\u00e1soknak.<\/strong> <\/p>\n<p>A tan\u00fas\u00edt\u00e1si folyamat t\u00f6bbek k\u00f6z\u00f6tt szil\u00e1rds\u00e1gi vizsg\u00e1latokat, \u00fct\u00e9s\u00e1ll\u00f3s\u00e1gi vizsg\u00e1latokat \u00e9s az anyag tart\u00f3ss\u00e1g\u00e1nak \u00e9rt\u00e9kel\u00e9s\u00e9t foglalja mag\u00e1ban. Ennek k\u00f6sz\u00f6nhet\u0151en a felhaszn\u00e1l\u00f3k biztosak lehetnek abban, hogy olyan megold\u00e1sokat v\u00e1lasztanak, amelyek val\u00f3ban megfelel\u0151 v\u00e9delmet ny\u00fajtanak \u00e9s megfelelnek a nemzetk\u00f6zi szabv\u00e1nyoknak. <\/p>\n<p>Mi\u00e9rt olyan fontos a T\u00dcV tan\u00fas\u00edt\u00e1s? Az egyre fokoz\u00f3d\u00f3 piaci versenyben a gy\u00e1rt\u00f3k nemcsak min\u0151s\u00e9gben, hanem a t\u00e9nyleges v\u00e9delmi hat\u00e9konys\u00e1gban is elt\u00e9r\u0151 term\u00e9keket k\u00edn\u00e1lhatnak. <strong>A tan\u00fas\u00edtv\u00e1ny egy megk\u00fcl\u00f6nb\u00f6ztet\u0151 jel, amely seg\u00edt a v\u00e1s\u00e1rl\u00f3knak azonos\u00edtani a legmagasabb szint\u0171 szabv\u00e1nyoknak megfelel\u0151 term\u00e9keket a min\u0151s\u00e9get csup\u00e1n ut\u00e1nz\u00f3 term\u00e9kekkel szemben.<\/strong> Ez k\u00fcl\u00f6n\u00f6sen fontos a biztons\u00e1gi infrastrukt\u00fara eset\u00e9ben, ahol b\u00e1rmilyen hi\u00e1nyoss\u00e1g s\u00falyos k\u00f6vetkezm\u00e9nyekkel j\u00e1rhat az emberek \u00e9s a v\u00e1llalkoz\u00e1sok sz\u00e1m\u00e1ra.  <\/p>\n<h2>T\u00dcV-tan\u00fas\u00edt\u00e1s \u00e9s v\u00e9d\u0151g\u00e1tak &#8211; hogyan befoly\u00e1solja a biztons\u00e1gi el\u0151\u00edr\u00e1sokat?<\/h2>\n<p>Mit jelent a T\u00dcV kifejez\u00e9s a rakt\u00e1ri v\u00e9d\u0151korl\u00e1tok \u00f6sszef\u00fcgg\u00e9s\u00e9ben? <strong>A tan\u00fas\u00edt\u00e1s garant\u00e1lja, hogy a biztons\u00e1gi megold\u00e1sok megfelelnek azoknak a k\u00f6vetelm\u00e9nyeknek, amelyek sz\u00fcks\u00e9gesek ahhoz, hogy a vagyon \u00e9s az infrastrukt\u00fara v\u00e9delm\u00e9t szolg\u00e1l\u00f3 eszk\u00f6zk\u00e9nt haszn\u00e1lhat\u00f3k legyenek<\/strong>. Ha ezt a tan\u00fas\u00edt\u00e1st visel\u0151 <a href=\"https:\/\/antersystem.com\/hu\/termekkategoriak\/biztonsagi-vedokorlatok\/\">v\u00e9d\u0151korl\u00e1tokat<\/a> v\u00e1lasztja, biztos lehet benne, hogy azok \u00e1tfog\u00f3 tesztel\u00e9sen estek \u00e1t, \u00e9s f\u00fcggetlen szak\u00e9rt\u0151k j\u00f3v\u00e1hagyt\u00e1k \u0151ket.  <\/p>\n<p><strong>A tan\u00fas\u00edt\u00e1si folyamat t\u00f6bb szempontra is kiterjed &#8211; nem csak az \u00fct\u00e9s\u00e1ll\u00f3s\u00e1gi vizsg\u00e1latokra, hanem a k\u00fcls\u0151 t\u00e9nyez\u0151kkel szembeni ellen\u00e1ll\u00e1s \u00e9s az ISO-szabv\u00e1nyoknak val\u00f3 megfelel\u00e9s ellen\u0151rz\u00e9s\u00e9re is.<\/strong> Ennek eredm\u00e9nyek\u00e9ppen a T\u00dcV tan\u00fas\u00edt\u00e1s a felhaszn\u00e1l\u00f3knak bizalmat ad abban, hogy a v\u00e9d\u0151falak m\u00e9g ig\u00e9nyes k\u00f6r\u00fclm\u00e9nyek k\u00f6z\u00f6tt is meg\u0151rzik m\u0171k\u00f6d\u0151k\u00e9pess\u00e9g\u00fcket. Ez a megk\u00f6zel\u00edt\u00e9s k\u00fcl\u00f6n\u00f6sen fontos a nagy kock\u00e1zat\u00fa ter\u00fcleteken, p\u00e9ld\u00e1ul a gy\u00e1rt\u00f3csarnokokban, rakt\u00e1rakban \u00e9s logisztikai k\u00f6zpontokban.  <\/p>\n<p>A tan\u00fas\u00edt\u00e1snak a biztons\u00e1gi el\u0151\u00edr\u00e1sokra gyakorolt hat\u00e1sa a technol\u00f3giai fejl\u0151d\u00e9sben is megmutatkozik. A v\u00e9d\u0151term\u00e9keket gy\u00e1rt\u00f3 v\u00e1llalatoknak innov\u00e1ci\u00f3ba kell befektetni\u00fck a T\u00dcV j\u00f3v\u00e1hagy\u00e1s megszerz\u00e9s\u00e9hez. Ez\u00e9rt a tan\u00fas\u00edtv\u00e1ny azt is meger\u0151s\u00edti, hogy \u00d6n olyan megold\u00e1sokat haszn\u00e1l, amelyek nemcsak a minimumk\u00f6vetelm\u00e9nyeknek felelnek meg, hanem \u00faj m\u00e9rc\u00e9t \u00e1ll\u00edtanak fel a biztons\u00e1g ter\u00e9n.  <\/p>\n<h2>T\u00dcV Rheinland tan\u00fas\u00edt\u00e1s \u00e9s a munkav\u00e1llal\u00f3k biztons\u00e1ga<\/h2>\n<p>Az infrastrukt\u00fara \u00e9s a tulajdon v\u00e9delme rendk\u00edv\u00fcl fontos, de nem ez az egyetlen szempont, amelyet a T\u00dcV Rheinland \u00e9rt\u00e9kel. A tan\u00fas\u00edtv\u00e1ny azt is meger\u0151s\u00edti, hogy a v\u00e9d\u0151g\u00e1tak alkalmasak az ipari, rakt\u00e1ri \u00e9s egy\u00e9b k\u00f6rnyezetben mozg\u00f3 emberek hat\u00e9kony v\u00e9delm\u00e9re. Mit jelent ez a gyakorlatban?  <\/p>\n<p><strong>A T\u00dcV Rheinland tan\u00fas\u00edt\u00e1sa mindenekel\u0151tt azt igazolja, hogy ezek a korl\u00e1tok k\u00e9pesek ellen\u00e1llni az esetleges \u00fctk\u00f6z\u00e9sek sor\u00e1n keletkez\u0151 er\u0151knek, megv\u00e9dve<\/strong> a gyalogosokat a k\u00f6zvetlen vesz\u00e9lyt\u0151l. Ezenk\u00edv\u00fcl a term\u00e9kek tart\u00f3ss\u00e1g\u00e1t \u00e9s mechanikai s\u00e9r\u00fcl\u00e9sekkel szembeni ellen\u00e1ll\u00e1s\u00e1t is tesztelik, \u00edgy biztos\u00edtva a megb\u00edzhat\u00f3 teljes\u00edtm\u00e9nyt hossz\u00fa \u00e9lettartam alatt. A tan\u00fas\u00edt\u00e1s mag\u00e1ban foglalja a gy\u00e1rt\u00e1s sor\u00e1n felhaszn\u00e1lt anyagok \u00e9rt\u00e9kel\u00e9s\u00e9t is, amely meger\u0151s\u00edti a k\u00f6rnyezetv\u00e9delmi el\u0151\u00edr\u00e1soknak val\u00f3 megfelel\u00e9st.  <\/p>\n<p>A v\u00e9gfelhaszn\u00e1l\u00f3k sz\u00e1m\u00e1ra a T\u00dcV-tan\u00fas\u00edtv\u00e1ny ez\u00e9rt nemcsak a min\u0151s\u00e9get jelzi, hanem a gy\u00e1rt\u00f3nak az emberek v\u00e9delm\u00e9\u00e9rt viselt felel\u0151ss\u00e9g\u00e9t is bizony\u00edtja. Az Anter System portf\u00f3li\u00f3j\u00e1ban <a href=\"https:\/\/antersystem.com\/hu\/termekkategoriak\/biztonsagi-vedokorlatok-gyalogosoknak\/\">el\u00e9rhet\u0151 gyalogosbiztons\u00e1gi korl\u00e1tok<\/a> kiv\u00e1l\u00f3 p\u00e9ld\u00e1i azoknak a term\u00e9keknek, amelyek az innov\u00e1ci\u00f3t \u00e9s a tan\u00fas\u00edtott megb\u00edzhat\u00f3s\u00e1got \u00f6tv\u00f6zik.<\/p>\n<h2>T\u00dcV Rheinland &#8211; tan\u00fas\u00edt\u00e1s \u00e9s k\u00f6lts\u00e9gmegtakar\u00edt\u00e1s<\/h2>\n<p><strong>A T\u00dcV-tan\u00fas\u00edtv\u00e1ny nemcsak a min\u0151s\u00e9g \u00e9s a biztons\u00e1g meger\u0151s\u00edt\u00e9se, hanem k\u00e9zzelfoghat\u00f3 p\u00e9nz\u00fcgyi el\u0151ny\u00f6kkel j\u00e1r\u00f3 befektet\u00e9s is.<\/strong> A tan\u00fas\u00edtott term\u00e9keket v\u00e1laszt\u00f3 v\u00e1llalatok hossz\u00fa t\u00e1v\u00fa megtakar\u00edt\u00e1sokra sz\u00e1m\u00edthatnak a megv\u00e1s\u00e1rolt megold\u00e1sok megb\u00edzhat\u00f3s\u00e1g\u00e1nak \u00e9s tart\u00f3ss\u00e1g\u00e1nak k\u00f6sz\u00f6nhet\u0151en. <strong>A T\u00dcV-szabv\u00e1nyoknak megfelel\u0151 v\u00e9d\u0151falak kev\u00e9sb\u00e9 hajlamosak a meghib\u00e1sod\u00e1sra, \u00e9s nem ig\u00e9nyelnek k\u00f6lts\u00e9ges karbantart\u00e1st,<\/strong> ami id\u0151vel jelent\u0151sen alacsonyabb \u00fczemeltet\u00e9si k\u00f6lts\u00e9geket eredm\u00e9nyez. <\/p>\n<p>Mi\u00e9rt \u00e9rdemes m\u00e9g a T\u00dcV Rheinland \u00e1ltal tesztelt term\u00e9keket v\u00e1lasztani? A tan\u00fas\u00edt\u00e1s garant\u00e1lja az akad\u00e1lyok nagyfok\u00fa hat\u00e9konys\u00e1g\u00e1t, ami a balesetek kock\u00e1zat\u00e1nak cs\u00f6kken\u00e9s\u00e9t jelenti, ami egy\u00e9bk\u00e9nt \u00e1ll\u00e1sid\u0151h\u00f6z, dr\u00e1ga jav\u00edt\u00e1sokhoz vagy biztos\u00edt\u00e1si k\u00e1rig\u00e9nyekhez vezethetne. A tan\u00fas\u00edtott biztons\u00e1gi megold\u00e1sokkal a v\u00e1llalatok zavartalanul m\u0171k\u00f6dhetnek, jav\u00edtva a m\u0171k\u00f6d\u00e9si hat\u00e9konys\u00e1got \u00e9s a p\u00e9nz\u00fcgyi stabilit\u00e1st.  <\/p>\n<h2>T\u00dcV tan\u00fas\u00edtv\u00e1nyok &#8211; \u00f6sszefoglal\u00f3<\/h2>\n<p><strong>A T\u00dcV tan\u00fas\u00edtv\u00e1nyok a legmagasabb min\u0151s\u00e9g, megb\u00edzhat\u00f3s\u00e1g \u00e9s biztons\u00e1g jelk\u00e9pei.<\/strong> Ez\u00e9rt \u00e9rdemes olyan v\u00e9d\u0151falakat v\u00e1lasztani, amelyek ki\u00e9rdemelt\u00e9k ezt az elismer\u00e9st. Ez biztos\u00edtja a bizalmat, hogy minden k\u00f6r\u00fclm\u00e9nyek k\u00f6z\u00f6tt hat\u00e9konyan teljes\u00edtenek.  <\/p>\n<p>Az Anter System portf\u00f3li\u00f3 olyan v\u00e9d\u0151g\u00e1takat tartalmaz, amelyek megfelelnek a legmagasabb, T\u00dcV-tan\u00fas\u00edtv\u00e1ny \u00e1ltal garant\u00e1lt szabv\u00e1nyoknak. Mit jelent ez a gyakorlatban? Ezek rugalmas polimer anyagokb\u00f3l k\u00e9sz\u00fclt tart\u00f3s term\u00e9kek, amelyek elnyelik az \u00fctk\u00f6z\u00e9si energi\u00e1t, majd visszanyerik eredeti alakjukat, \u00e9s els\u0151 oszt\u00e1ly\u00fa v\u00e9delmet ny\u00fajtanak mind az infrastrukt\u00fara, mind a szem\u00e9lyzet sz\u00e1m\u00e1ra. K\u00fcl\u00f6nb\u00f6z\u0151 m\u00e9retekben \u00e9s konfigur\u00e1ci\u00f3kban kaphat\u00f3k, \u00edgy k\u00f6nnyen hozz\u00e1igaz\u00edthat\u00f3k egy rakt\u00e1r, logisztikai k\u00f6zpont vagy termel\u00e9si l\u00e9tes\u00edtm\u00e9ny egyedi k\u00f6vetelm\u00e9nyeihez.   <\/p>\n<p>Arra is b\u00e1tor\u00edtjuk \u00d6nt, hogy fedezze fel Anter System egy\u00e9b tan\u00fas\u00edtott megold\u00e1sait. K\u00edn\u00e1latunkban az infrastrukt\u00far\u00e1t \u00e9s a gyalogosokat v\u00e9d\u0151 szabv\u00e1nyos v\u00e9d\u0151korl\u00e1tok mellett modul\u00e1ris <a href=\"https:\/\/antersystem.com\/hu\/termekkategoriak\/biztonsagi-kapuk\/\">biztons\u00e1gi kapuk \u00e9s m\u00e9g sok<\/a> m\u00e1s is szerepel. Az \u00e1tfog\u00f3 biztons\u00e1gi rendszer l\u00e9trehoz\u00e1sa m\u00e9g soha nem volt ilyen egyszer\u0171!  <\/p>\n<p>&nbsp;<\/p>\n","protected":false},"excerpt":{"rendered":"<p>A rakt\u00e1rakban \u00e9s termel\u00e9si l\u00e9tes\u00edtm\u00e9nyekben haszn\u00e1lt biztons\u00e1gi korl\u00e1tok nemcsak az infrastrukt\u00fara elemei, hanem mindenekel\u0151tt az emberek \u00e9s a vagyon v\u00e9delm\u00e9t szolg\u00e1l\u00f3 eszk\u00f6z\u00f6k. De hogyan lehet biztos abban, hogy megfelelnek a legmagasabb min\u0151s\u00e9gi \u00e9s biztons\u00e1gi el\u0151\u00edr\u00e1soknak? A v\u00e1lasz a tan\u00fas\u00edt\u00e1s, amely a megb\u00edzhat\u00f3s\u00e1g szimb\u00f3lum\u00e1v\u00e1 v\u00e1lt a biztons\u00e1gi \u00e1gazatban. Tudjon meg t\u00f6bbet r\u00f3la az al\u00e1bbiakban! T\u00dcV tan\u00fas\u00edtv\u00e1ny [&hellip;]<\/p>\n","protected":false},"author":1,"featured_media":0,"comment_status":"closed","ping_status":"open","sticky":false,"template":"","format":"standard","meta":{"_acf_changed":false,"inline_featured_image":false,"ngg_post_thumbnail":0,"footnotes":""},"categories":[168],"tags":[],"class_list":["post-38498","post","type-post","status-publish","format-standard","hentry","category-uncategorized-hu"],"acf":[],"yoast_head":"<!-- This site is optimized with the Yoast SEO plugin v28.3 - https:\/\/yoast.com\/product\/yoast-seo-wordpress\/ -->\n<title>T\u00dcV Rheinland tan\u00fas\u00edt\u00e1s: Mit jelent ez a biztons\u00e1gi korl\u00e1tok min\u0151s\u00e9ge szempontj\u00e1b\u00f3l? - Anter System<\/title>\n<meta name=\"description\" content=\"A rakt\u00e1rakban \u00e9s termel\u00e9si l\u00e9tes\u00edtm\u00e9nyekben haszn\u00e1lt biztons\u00e1gi korl\u00e1tok nemcsak az infrastrukt\u00fara elemei, hanem mindenekel\u0151tt az emberek \u00e9s a vagyon\" \/>\n<meta name=\"robots\" content=\"index, follow, max-snippet:-1, max-image-preview:large, max-video-preview:-1\" \/>\n<link rel=\"canonical\" href=\"https:\/\/antersystem.com\/hu\/tuv-rheinland-tanusitas-mit-jelent-ez-a-biztonsagi-korlatok-minosegenek-szempontjabol\/\" \/>\n<meta property=\"og:locale\" content=\"hu_HU\" \/>\n<meta property=\"og:type\" content=\"article\" \/>\n<meta property=\"og:title\" content=\"T\u00dcV Rheinland tan\u00fas\u00edt\u00e1s: Mit jelent ez a biztons\u00e1gi korl\u00e1tok min\u0151s\u00e9ge szempontj\u00e1b\u00f3l? - Anter System\" \/>\n<meta property=\"og:description\" content=\"A rakt\u00e1rakban \u00e9s termel\u00e9si l\u00e9tes\u00edtm\u00e9nyekben haszn\u00e1lt biztons\u00e1gi korl\u00e1tok nemcsak az infrastrukt\u00fara elemei, hanem mindenekel\u0151tt az emberek \u00e9s a vagyon\" \/>\n<meta property=\"og:url\" content=\"https:\/\/antersystem.com\/hu\/tuv-rheinland-tanusitas-mit-jelent-ez-a-biztonsagi-korlatok-minosegenek-szempontjabol\/\" \/>\n<meta property=\"og:site_name\" content=\"Anter System\" \/>\n<meta property=\"article:published_time\" content=\"2025-01-30T17:10:56+00:00\" \/>\n<meta property=\"article:modified_time\" content=\"2026-08-27T12:02:10+00:00\" \/>\n<meta name=\"author\" content=\"iadmin\" \/>\n<meta name=\"twitter:card\" content=\"summary_large_image\" \/>\n<meta name=\"twitter:label1\" content=\"Szerz\u0151:\" \/>\n\t<meta name=\"twitter:data1\" content=\"iadmin\" \/>\n\t<meta name=\"twitter:label2\" content=\"Becs\u00fclt olvas\u00e1si id\u0151\" \/>\n\t<meta name=\"twitter:data2\" content=\"7 perc\" \/>\n<script type=\"application\/ld+json\" class=\"yoast-schema-graph\">{\"@context\":\"https:\\\/\\\/schema.org\",\"@graph\":[{\"@type\":\"Article\",\"@id\":\"https:\\\/\\\/antersystem.com\\\/hu\\\/tuv-rheinland-tanusitas-mit-jelent-ez-a-biztonsagi-korlatok-minosegenek-szempontjabol\\\/#article\",\"isPartOf\":{\"@id\":\"https:\\\/\\\/antersystem.com\\\/hu\\\/tuv-rheinland-tanusitas-mit-jelent-ez-a-biztonsagi-korlatok-minosegenek-szempontjabol\\\/\"},\"author\":{\"name\":\"iadmin\",\"@id\":\"https:\\\/\\\/antersystem.com\\\/hu\\\/#\\\/schema\\\/person\\\/a637ebcbc831f9e640e9df353feb9b31\"},\"headline\":\"T\u00dcV Rheinland tan\u00fas\u00edt\u00e1s: Mit jelent ez a biztons\u00e1gi korl\u00e1tok min\u0151s\u00e9ge szempontj\u00e1b\u00f3l?\",\"datePublished\":\"2025-01-30T17:10:56+00:00\",\"dateModified\":\"2026-08-27T12:02:10+00:00\",\"mainEntityOfPage\":{\"@id\":\"https:\\\/\\\/antersystem.com\\\/hu\\\/tuv-rheinland-tanusitas-mit-jelent-ez-a-biztonsagi-korlatok-minosegenek-szempontjabol\\\/\"},\"wordCount\":1453,\"publisher\":{\"@id\":\"https:\\\/\\\/antersystem.com\\\/hu\\\/#organization\"},\"articleSection\":[\"Uncategorized\"],\"inLanguage\":\"hu\"},{\"@type\":\"WebPage\",\"@id\":\"https:\\\/\\\/antersystem.com\\\/hu\\\/tuv-rheinland-tanusitas-mit-jelent-ez-a-biztonsagi-korlatok-minosegenek-szempontjabol\\\/\",\"url\":\"https:\\\/\\\/antersystem.com\\\/hu\\\/tuv-rheinland-tanusitas-mit-jelent-ez-a-biztonsagi-korlatok-minosegenek-szempontjabol\\\/\",\"name\":\"T\u00dcV Rheinland tan\u00fas\u00edt\u00e1s: Mit jelent ez a biztons\u00e1gi korl\u00e1tok min\u0151s\u00e9ge szempontj\u00e1b\u00f3l? - Anter System\",\"isPartOf\":{\"@id\":\"https:\\\/\\\/antersystem.com\\\/hu\\\/#website\"},\"datePublished\":\"2025-01-30T17:10:56+00:00\",\"dateModified\":\"2026-08-27T12:02:10+00:00\",\"description\":\"A rakt\u00e1rakban \u00e9s termel\u00e9si l\u00e9tes\u00edtm\u00e9nyekben haszn\u00e1lt biztons\u00e1gi korl\u00e1tok nemcsak az infrastrukt\u00fara elemei, hanem mindenekel\u0151tt az emberek \u00e9s a vagyon\",\"breadcrumb\":{\"@id\":\"https:\\\/\\\/antersystem.com\\\/hu\\\/tuv-rheinland-tanusitas-mit-jelent-ez-a-biztonsagi-korlatok-minosegenek-szempontjabol\\\/#breadcrumb\"},\"inLanguage\":\"hu\",\"potentialAction\":[{\"@type\":\"ReadAction\",\"target\":[\"https:\\\/\\\/antersystem.com\\\/hu\\\/tuv-rheinland-tanusitas-mit-jelent-ez-a-biztonsagi-korlatok-minosegenek-szempontjabol\\\/\"]}]},{\"@type\":\"BreadcrumbList\",\"@id\":\"https:\\\/\\\/antersystem.com\\\/hu\\\/tuv-rheinland-tanusitas-mit-jelent-ez-a-biztonsagi-korlatok-minosegenek-szempontjabol\\\/#breadcrumb\",\"itemListElement\":[{\"@type\":\"ListItem\",\"position\":1,\"name\":\"antersystem.com\",\"item\":\"https:\\\/\\\/antersystem.com\\\/hu\\\/\"},{\"@type\":\"ListItem\",\"position\":2,\"name\":\"T\u00dcV Rheinland tan\u00fas\u00edt\u00e1s: Mit jelent ez a biztons\u00e1gi korl\u00e1tok min\u0151s\u00e9ge szempontj\u00e1b\u00f3l?\"}]},{\"@type\":\"WebSite\",\"@id\":\"https:\\\/\\\/antersystem.com\\\/hu\\\/#website\",\"url\":\"https:\\\/\\\/antersystem.com\\\/hu\\\/\",\"name\":\"Anter System\",\"description\":\"Anter System designs and manufactures innovative industrial safety solutions, including flexible barriers, gates and smart safety systems. Our products help protect people, infrastructure and vehicles in warehouses, production plants and logistics facilities.\",\"publisher\":{\"@id\":\"https:\\\/\\\/antersystem.com\\\/hu\\\/#organization\"},\"potentialAction\":[{\"@type\":\"SearchAction\",\"target\":{\"@type\":\"EntryPoint\",\"urlTemplate\":\"https:\\\/\\\/antersystem.com\\\/hu\\\/?s={search_term_string}\"},\"query-input\":{\"@type\":\"PropertyValueSpecification\",\"valueRequired\":true,\"valueName\":\"search_term_string\"}}],\"inLanguage\":\"hu\"},{\"@type\":\"Organization\",\"@id\":\"https:\\\/\\\/antersystem.com\\\/hu\\\/#organization\",\"name\":\"Anter System\",\"url\":\"https:\\\/\\\/antersystem.com\\\/hu\\\/\",\"logo\":{\"@type\":\"ImageObject\",\"inLanguage\":\"hu\",\"@id\":\"https:\\\/\\\/antersystem.com\\\/hu\\\/#\\\/schema\\\/logo\\\/image\\\/\",\"url\":\"https:\\\/\\\/antersystem.com\\\/wp-content\\\/uploads\\\/logo-antersystem.png\",\"contentUrl\":\"https:\\\/\\\/antersystem.com\\\/wp-content\\\/uploads\\\/logo-antersystem.png\",\"width\":696,\"height\":696,\"caption\":\"Anter System\"},\"image\":{\"@id\":\"https:\\\/\\\/antersystem.com\\\/hu\\\/#\\\/schema\\\/logo\\\/image\\\/\"}},{\"@type\":\"Person\",\"@id\":\"https:\\\/\\\/antersystem.com\\\/hu\\\/#\\\/schema\\\/person\\\/a637ebcbc831f9e640e9df353feb9b31\",\"name\":\"iadmin\",\"image\":{\"@type\":\"ImageObject\",\"inLanguage\":\"hu\",\"@id\":\"https:\\\/\\\/secure.gravatar.com\\\/avatar\\\/58ac134311b78fbd19e64c93437430d09c62439a712bafff67f89351a3ba150c?s=96&d=mm&r=g\",\"url\":\"https:\\\/\\\/secure.gravatar.com\\\/avatar\\\/58ac134311b78fbd19e64c93437430d09c62439a712bafff67f89351a3ba150c?s=96&d=mm&r=g\",\"contentUrl\":\"https:\\\/\\\/secure.gravatar.com\\\/avatar\\\/58ac134311b78fbd19e64c93437430d09c62439a712bafff67f89351a3ba150c?s=96&d=mm&r=g\",\"caption\":\"iadmin\"},\"sameAs\":[\"https:\\\/\\\/antersystem.com\"]}]}<\/script>\n<!-- \/ Yoast SEO plugin. -->","yoast_head_json":{"title":"T\u00dcV Rheinland tan\u00fas\u00edt\u00e1s: Mit jelent ez a biztons\u00e1gi korl\u00e1tok min\u0151s\u00e9ge szempontj\u00e1b\u00f3l? - Anter System","description":"A rakt\u00e1rakban \u00e9s termel\u00e9si l\u00e9tes\u00edtm\u00e9nyekben haszn\u00e1lt biztons\u00e1gi korl\u00e1tok nemcsak az infrastrukt\u00fara elemei, hanem mindenekel\u0151tt az emberek \u00e9s a vagyon","robots":{"index":"index","follow":"follow","max-snippet":"max-snippet:-1","max-image-preview":"max-image-preview:large","max-video-preview":"max-video-preview:-1"},"canonical":"https:\/\/antersystem.com\/hu\/tuv-rheinland-tanusitas-mit-jelent-ez-a-biztonsagi-korlatok-minosegenek-szempontjabol\/","og_locale":"hu_HU","og_type":"article","og_title":"T\u00dcV Rheinland tan\u00fas\u00edt\u00e1s: Mit jelent ez a biztons\u00e1gi korl\u00e1tok min\u0151s\u00e9ge szempontj\u00e1b\u00f3l? - Anter System","og_description":"A rakt\u00e1rakban \u00e9s termel\u00e9si l\u00e9tes\u00edtm\u00e9nyekben haszn\u00e1lt biztons\u00e1gi korl\u00e1tok nemcsak az infrastrukt\u00fara elemei, hanem mindenekel\u0151tt az emberek \u00e9s a vagyon","og_url":"https:\/\/antersystem.com\/hu\/tuv-rheinland-tanusitas-mit-jelent-ez-a-biztonsagi-korlatok-minosegenek-szempontjabol\/","og_site_name":"Anter System","article_published_time":"2025-01-30T17:10:56+00:00","article_modified_time":"2026-08-27T12:02:10+00:00","author":"iadmin","twitter_card":"summary_large_image","twitter_misc":{"Szerz\u0151:":"iadmin","Becs\u00fclt olvas\u00e1si id\u0151":"7 perc"},"schema":{"@context":"https:\/\/schema.org","@graph":[{"@type":"Article","@id":"https:\/\/antersystem.com\/hu\/tuv-rheinland-tanusitas-mit-jelent-ez-a-biztonsagi-korlatok-minosegenek-szempontjabol\/#article","isPartOf":{"@id":"https:\/\/antersystem.com\/hu\/tuv-rheinland-tanusitas-mit-jelent-ez-a-biztonsagi-korlatok-minosegenek-szempontjabol\/"},"author":{"name":"iadmin","@id":"https:\/\/antersystem.com\/hu\/#\/schema\/person\/a637ebcbc831f9e640e9df353feb9b31"},"headline":"T\u00dcV Rheinland tan\u00fas\u00edt\u00e1s: Mit jelent ez a biztons\u00e1gi korl\u00e1tok min\u0151s\u00e9ge szempontj\u00e1b\u00f3l?","datePublished":"2025-01-30T17:10:56+00:00","dateModified":"2026-08-27T12:02:10+00:00","mainEntityOfPage":{"@id":"https:\/\/antersystem.com\/hu\/tuv-rheinland-tanusitas-mit-jelent-ez-a-biztonsagi-korlatok-minosegenek-szempontjabol\/"},"wordCount":1453,"publisher":{"@id":"https:\/\/antersystem.com\/hu\/#organization"},"articleSection":["Uncategorized"],"inLanguage":"hu"},{"@type":"WebPage","@id":"https:\/\/antersystem.com\/hu\/tuv-rheinland-tanusitas-mit-jelent-ez-a-biztonsagi-korlatok-minosegenek-szempontjabol\/","url":"https:\/\/antersystem.com\/hu\/tuv-rheinland-tanusitas-mit-jelent-ez-a-biztonsagi-korlatok-minosegenek-szempontjabol\/","name":"T\u00dcV Rheinland tan\u00fas\u00edt\u00e1s: Mit jelent ez a biztons\u00e1gi korl\u00e1tok min\u0151s\u00e9ge szempontj\u00e1b\u00f3l? - Anter System","isPartOf":{"@id":"https:\/\/antersystem.com\/hu\/#website"},"datePublished":"2025-01-30T17:10:56+00:00","dateModified":"2026-08-27T12:02:10+00:00","description":"A rakt\u00e1rakban \u00e9s termel\u00e9si l\u00e9tes\u00edtm\u00e9nyekben haszn\u00e1lt biztons\u00e1gi korl\u00e1tok nemcsak az infrastrukt\u00fara elemei, hanem mindenekel\u0151tt az emberek \u00e9s a vagyon","breadcrumb":{"@id":"https:\/\/antersystem.com\/hu\/tuv-rheinland-tanusitas-mit-jelent-ez-a-biztonsagi-korlatok-minosegenek-szempontjabol\/#breadcrumb"},"inLanguage":"hu","potentialAction":[{"@type":"ReadAction","target":["https:\/\/antersystem.com\/hu\/tuv-rheinland-tanusitas-mit-jelent-ez-a-biztonsagi-korlatok-minosegenek-szempontjabol\/"]}]},{"@type":"BreadcrumbList","@id":"https:\/\/antersystem.com\/hu\/tuv-rheinland-tanusitas-mit-jelent-ez-a-biztonsagi-korlatok-minosegenek-szempontjabol\/#breadcrumb","itemListElement":[{"@type":"ListItem","position":1,"name":"antersystem.com","item":"https:\/\/antersystem.com\/hu\/"},{"@type":"ListItem","position":2,"name":"T\u00dcV Rheinland tan\u00fas\u00edt\u00e1s: Mit jelent ez a biztons\u00e1gi korl\u00e1tok min\u0151s\u00e9ge szempontj\u00e1b\u00f3l?"}]},{"@type":"WebSite","@id":"https:\/\/antersystem.com\/hu\/#website","url":"https:\/\/antersystem.com\/hu\/","name":"Anter System","description":"Anter System designs and manufactures innovative industrial safety solutions, including flexible barriers, gates and smart safety systems. Our products help protect people, infrastructure and vehicles in warehouses, production plants and logistics facilities.","publisher":{"@id":"https:\/\/antersystem.com\/hu\/#organization"},"potentialAction":[{"@type":"SearchAction","target":{"@type":"EntryPoint","urlTemplate":"https:\/\/antersystem.com\/hu\/?s={search_term_string}"},"query-input":{"@type":"PropertyValueSpecification","valueRequired":true,"valueName":"search_term_string"}}],"inLanguage":"hu"},{"@type":"Organization","@id":"https:\/\/antersystem.com\/hu\/#organization","name":"Anter System","url":"https:\/\/antersystem.com\/hu\/","logo":{"@type":"ImageObject","inLanguage":"hu","@id":"https:\/\/antersystem.com\/hu\/#\/schema\/logo\/image\/","url":"https:\/\/antersystem.com\/wp-content\/uploads\/logo-antersystem.png","contentUrl":"https:\/\/antersystem.com\/wp-content\/uploads\/logo-antersystem.png","width":696,"height":696,"caption":"Anter System"},"image":{"@id":"https:\/\/antersystem.com\/hu\/#\/schema\/logo\/image\/"}},{"@type":"Person","@id":"https:\/\/antersystem.com\/hu\/#\/schema\/person\/a637ebcbc831f9e640e9df353feb9b31","name":"iadmin","image":{"@type":"ImageObject","inLanguage":"hu","@id":"https:\/\/secure.gravatar.com\/avatar\/58ac134311b78fbd19e64c93437430d09c62439a712bafff67f89351a3ba150c?s=96&d=mm&r=g","url":"https:\/\/secure.gravatar.com\/avatar\/58ac134311b78fbd19e64c93437430d09c62439a712bafff67f89351a3ba150c?s=96&d=mm&r=g","contentUrl":"https:\/\/secure.gravatar.com\/avatar\/58ac134311b78fbd19e64c93437430d09c62439a712bafff67f89351a3ba150c?s=96&d=mm&r=g","caption":"iadmin"},"sameAs":["https:\/\/antersystem.com"]}]}},"_links":{"self":[{"href":"https:\/\/antersystem.com\/hu\/wp-json\/wp\/v2\/posts\/38498","targetHints":{"allow":["GET"]}}],"collection":[{"href":"https:\/\/antersystem.com\/hu\/wp-json\/wp\/v2\/posts"}],"about":[{"href":"https:\/\/antersystem.com\/hu\/wp-json\/wp\/v2\/types\/post"}],"author":[{"embeddable":true,"href":"https:\/\/antersystem.com\/hu\/wp-json\/wp\/v2\/users\/1"}],"replies":[{"embeddable":true,"href":"https:\/\/antersystem.com\/hu\/wp-json\/wp\/v2\/comments?post=38498"}],"version-history":[{"count":3,"href":"https:\/\/antersystem.com\/hu\/wp-json\/wp\/v2\/posts\/38498\/revisions"}],"predecessor-version":[{"id":44235,"href":"https:\/\/antersystem.com\/hu\/wp-json\/wp\/v2\/posts\/38498\/revisions\/44235"}],"wp:attachment":[{"href":"https:\/\/antersystem.com\/hu\/wp-json\/wp\/v2\/media?parent=38498"}],"wp:term":[{"taxonomy":"category","embeddable":true,"href":"https:\/\/antersystem.com\/hu\/wp-json\/wp\/v2\/categories?post=38498"},{"taxonomy":"post_tag","embeddable":true,"href":"https:\/\/antersystem.com\/hu\/wp-json\/wp\/v2\/tags?post=38498"}],"curies":[{"name":"wp","href":"https:\/\/api.w.org\/{rel}","templated":true}]}}